{"id":1963,"date":"2023-09-15T12:00:02","date_gmt":"2023-09-15T12:00:02","guid":{"rendered":"https:\/\/test.mihaomejc.com\/organistica\/decision-to-restore-the-gorsic-pipe-organ-in-the-church-of-st-michael-in-menges\/"},"modified":"2025-01-29T13:14:04","modified_gmt":"2025-01-29T13:14:04","slug":"decision-to-restore-the-gorsic-pipe-organ-in-the-church-of-st-michael-in-menges","status":"publish","type":"post","link":"https:\/\/organistica.si\/en\/decision-to-restore-the-gorsic-pipe-organ-in-the-church-of-st-michael-in-menges\/","title":{"rendered":"Decision to Restore the Gor\u0161i\u010d Pipe Organ in the Church of St. Michael in Menge\u0161"},"content":{"rendered":"<p>The Gor\u0161i\u010d organ (Op. 54, 1890) in St. Michael&#8217;s Church in Menge\u0161 has been left with its imprint for many decades. Let&#8217;s take a look at the most acute wear and damage.<\/p>\n<p>Due to the heating of the church by blowing heated air into the nave, and from there directly onto the choir, the wooden parts of the organ have dried out over the years. The windchests (the wooden channels that bring air or breath to the pipes) have cracked so that when the keys are pressed, the adjacent pipes also sound.<\/p>\n<figure id=\"attachment_1756\" aria-describedby=\"caption-attachment-1756\" style=\"width: 1014px\" class=\"wp-caption alignnone\"><img loading=\"lazy\" decoding=\"async\" class=\"size-large wp-image-1755\" src=\"https:\/\/organistica.si\/wp-content\/uploads\/2023\/09\/ORGANISTICA-Franc-Gorsic-Menges-orgle-2-1024x684.jpg\" alt=\"\" width=\"1024\" height=\"684\" srcset=\"https:\/\/organistica.si\/wp-content\/uploads\/2023\/09\/ORGANISTICA-Franc-Gorsic-Menges-orgle-2-1024x684.jpg 1024w, https:\/\/organistica.si\/wp-content\/uploads\/2023\/09\/ORGANISTICA-Franc-Gorsic-Menges-orgle-2-419x280.jpg 419w, https:\/\/organistica.si\/wp-content\/uploads\/2023\/09\/ORGANISTICA-Franc-Gorsic-Menges-orgle-2-768x513.jpg 768w, https:\/\/organistica.si\/wp-content\/uploads\/2023\/09\/ORGANISTICA-Franc-Gorsic-Menges-orgle-2.jpg 1360w\" sizes=\"auto, (max-width: 1024px) 100vw, 1024px\" \/><figcaption id=\"caption-attachment-1756\" class=\"wp-caption-text\">Organ in the church of St. Michael in Menge\u0161 (Franc Gor\u0161i\u010d, Op. 54, 1890)<br \/>Photo: Uro\u0161 Urbanija<\/figcaption><\/figure>\n<p>Major problems were encountered when changes in temperature and humidity caused the wooden parts of the mechanics and windchests to shrink. The organ would then &#8216;creak&#8217;, &#8216;whistle&#8217;, individual keys would jam, individual valves would not close, and unintended tones would be produced. Some register valves did not seal effectively, causing individual registers to sound when not activated. The cones that opened the air inlet to the pipes were unevenly adjusted, causing the pipes to sound off. The leather on the bellows was in poor condition and had been cracked several times, so it leaked a lot of air. During full organ play, the sound was unstable because of a lack of breath. The mechanical trackers (the connections between the keys and the pipe valves) had been damaged and repaired several times. The wooden pipes were infested by wood pests and had poor voicing, unstable tone and even non-functioning pipes.<\/p>\n<p>All of these and other deficiencies proved that the organ could no longer be mechanically adjusted properly, nor could it be tuned well. The major problems were solved by a technician, who was able to fix the most troublesome faults (e.g. the whistling of individual pipes, the jamming of keys and stops) only temporarily.<\/p>\n<h2>The decision on the organ restoration<\/h2>\n<p>The decision to undertake a general restoration of the organ was made. In 2021, parish priest Marko Ko\u0161ir appointed an organ restoration committee, which examined several comparable organs and consulted with organ experts. The parish organ restoration committee engaged the Organistica experts to participate in a project to study the organ heritage of master Franc Gor\u0161i\u010d.<\/p>\n<blockquote><p>The Menge\u0161 organ is an important cultural, technical and historical monument that should be preserved in its original state for future generations. Especially since there are not many original Gor\u0161i\u010d instruments left. Modifications and upgrades of such an instrument would mean the death of a cultural heritage treasure.<\/p><\/blockquote>\n<p>It was decided to restore the organ to its original condition with the Mo\u010dnik Organ Workshop from Cerklje na Gorenjskem entrusted with the restoration project.<\/p>\n<figure id=\"attachment_1759\" aria-describedby=\"caption-attachment-1759\" style=\"width: 1014px\" class=\"wp-caption alignnone\"><img loading=\"lazy\" decoding=\"async\" class=\"size-large wp-image-1758\" src=\"https:\/\/organistica.si\/wp-content\/uploads\/2023\/09\/ORGANISTICA-Franc-Gorsic-Menges-igralnik-notranjost-1024x683.jpg\" alt=\"\" width=\"1024\" height=\"683\" srcset=\"https:\/\/organistica.si\/wp-content\/uploads\/2023\/09\/ORGANISTICA-Franc-Gorsic-Menges-igralnik-notranjost-1024x683.jpg 1024w, https:\/\/organistica.si\/wp-content\/uploads\/2023\/09\/ORGANISTICA-Franc-Gorsic-Menges-igralnik-notranjost-420x280.jpg 420w, https:\/\/organistica.si\/wp-content\/uploads\/2023\/09\/ORGANISTICA-Franc-Gorsic-Menges-igralnik-notranjost-768x512.jpg 768w, https:\/\/organistica.si\/wp-content\/uploads\/2023\/09\/ORGANISTICA-Franc-Gorsic-Menges-igralnik-notranjost.jpg 1360w\" sizes=\"auto, (max-width: 1024px) 100vw, 1024px\" \/><figcaption id=\"caption-attachment-1759\" class=\"wp-caption-text\">Interior of the organ console in the church of St. Michael in Menge\u0161 (Franc Gor\u0161i\u010d, Op. 54, 1890)<br \/>Photo: Uro\u0161 Urbanija<\/figcaption><\/figure>\n<h2>Preparations for renovation<\/h2>\n<p>In order to present the cultural and historical significance of the Gor\u0161i\u010d organ in Menge\u0161 to the public, the parish organ restoration committee organised several events for the general public in April 2023, namely:<\/p>\n<ul>\n<li style=\"font-weight: 400;\" aria-level=\"1\">A presentation of the organ builder Franc Gor\u0161i\u010d and his organ in Menge\u0161 by Luka Posavec and Ale\u0161 Razpotnik. They revealed the historical background of the organ, and the current state of the instrument and explained the aspects of the restoration from the point of view of preserving Slovenian cultural heritage.<\/li>\n<li style=\"font-weight: 400;\" aria-level=\"1\">An open day at the Menge\u0161 church choir, where the participants were able to observe the organ in action in an open organ case and see for themselves the faults and problems.<\/li>\n<li style=\"font-weight: 400;\" aria-level=\"1\">A workshop for children, who assembled miniature working organs from wooden parts to learn how the instrument works (in cooperation with Orlekids Slovenija).<\/li>\n<\/ul>\n<h3><a href=\"https:\/\/www.youtube.com\/watch?v=LNFqGamAquo&amp;t=7s\" target=\"_blank\" rel=\"noopener\">Lecture on the Gor\u0161i\u010d Organ in Menge\u0161<\/a> &gt;<\/h3>\n<figure id=\"attachment_1761\" aria-describedby=\"caption-attachment-1761\" style=\"width: 1014px\" class=\"wp-caption alignnone\"><img loading=\"lazy\" decoding=\"async\" class=\"size-large wp-image-1760\" src=\"https:\/\/organistica.si\/wp-content\/uploads\/2023\/09\/ORGANISTICA-Franc-Gorsic-Menges-dan-odprtih-vrat-1024x768.jpg\" alt=\"\" width=\"1024\" height=\"768\" srcset=\"https:\/\/organistica.si\/wp-content\/uploads\/2023\/09\/ORGANISTICA-Franc-Gorsic-Menges-dan-odprtih-vrat-1024x768.jpg 1024w, https:\/\/organistica.si\/wp-content\/uploads\/2023\/09\/ORGANISTICA-Franc-Gorsic-Menges-dan-odprtih-vrat-373x280.jpg 373w, https:\/\/organistica.si\/wp-content\/uploads\/2023\/09\/ORGANISTICA-Franc-Gorsic-Menges-dan-odprtih-vrat-768x576.jpg 768w, https:\/\/organistica.si\/wp-content\/uploads\/2023\/09\/ORGANISTICA-Franc-Gorsic-Menges-dan-odprtih-vrat.jpg 1360w\" sizes=\"auto, (max-width: 1024px) 100vw, 1024px\" \/><figcaption id=\"caption-attachment-1761\" class=\"wp-caption-text\">Open Day at St. Michael&#8217;s Church in Menge\u0161<br \/>Photo: Uro\u0161 Urbanija<\/figcaption><\/figure>\n<p>The parish bid farewell to the old organ on the Whit Monday, May 29, 2023. Subsequently, the Mo\u010dnik Organ Workshop dismantled the organ and transported it to its workshop in Cerklje na Gorenjskem. A year of organ silence followed in Menge\u0161, providing time to prepare for the return of the organ in its renewed splendor.<\/p>\n<p>Taken from <a href=\"https:\/\/organistica.si\/wp-content\/uploads\/2023\/09\/Uros-Urbanija-Mengsan-03-2023.pdf\">the text<\/a> by Uro\u0161 Urbanija<\/p>\n","protected":false},"excerpt":{"rendered":"","protected":false},"author":1,"featured_media":1753,"comment_status":"closed","ping_status":"closed","sticky":false,"template":"","format":"standard","meta":{"_acf_changed":false,"inline_featured_image":false,"footnotes":""},"categories":[89],"tags":[85],"lokacija":[75],"orglar":[56],"class_list":["post-1963","post","type-post","status-publish","format-standard","has-post-thumbnail","hentry","category-pipe-organ-in-the-church-of-st-michael-in-menges","tag-consulting","lokacija-church-of-st-michael","orglar-franc-gorsic-en","generate-columns","tablet-grid-50","mobile-grid-100","grid-parent","grid-33"],"acf":[],"_links":{"self":[{"href":"https:\/\/organistica.si\/en\/wp-json\/wp\/v2\/posts\/1963","targetHints":{"allow":["GET"]}}],"collection":[{"href":"https:\/\/organistica.si\/en\/wp-json\/wp\/v2\/posts"}],"about":[{"href":"https:\/\/organistica.si\/en\/wp-json\/wp\/v2\/types\/post"}],"author":[{"embeddable":true,"href":"https:\/\/organistica.si\/en\/wp-json\/wp\/v2\/users\/1"}],"replies":[{"embeddable":true,"href":"https:\/\/organistica.si\/en\/wp-json\/wp\/v2\/comments?post=1963"}],"version-history":[{"count":2,"href":"https:\/\/organistica.si\/en\/wp-json\/wp\/v2\/posts\/1963\/revisions"}],"predecessor-version":[{"id":2875,"href":"https:\/\/organistica.si\/en\/wp-json\/wp\/v2\/posts\/1963\/revisions\/2875"}],"wp:featuredmedia":[{"embeddable":true,"href":"https:\/\/organistica.si\/en\/wp-json\/wp\/v2\/media\/1753"}],"wp:attachment":[{"href":"https:\/\/organistica.si\/en\/wp-json\/wp\/v2\/media?parent=1963"}],"wp:term":[{"taxonomy":"category","embeddable":true,"href":"https:\/\/organistica.si\/en\/wp-json\/wp\/v2\/categories?post=1963"},{"taxonomy":"post_tag","embeddable":true,"href":"https:\/\/organistica.si\/en\/wp-json\/wp\/v2\/tags?post=1963"},{"taxonomy":"lokacija","embeddable":true,"href":"https:\/\/organistica.si\/en\/wp-json\/wp\/v2\/lokacija?post=1963"},{"taxonomy":"orglar","embeddable":true,"href":"https:\/\/organistica.si\/en\/wp-json\/wp\/v2\/orglar?post=1963"}],"curies":[{"name":"wp","href":"https:\/\/api.w.org\/{rel}","templated":true}]}}